{"id":13145,"date":"2026-03-15T20:17:05","date_gmt":"2026-03-15T19:17:05","guid":{"rendered":"https:\/\/reyheredia.es\/?p=13145"},"modified":"2026-04-16T21:53:54","modified_gmt":"2026-04-16T19:53:54","slug":"convocatoria-dia-internacional-bosques-y-poesia-sabado-21-de-1130-a-1330h","status":"publish","type":"post","link":"https:\/\/reyheredia.es\/?p=13145","title":{"rendered":"Convocatoria D\u00eda Internacional Bosques y Poes\u00eda. S\u00e1bado 21 de 11:30 a 13:30h"},"content":{"rendered":"<p><span style=\"font-size: 12pt;\"><em><strong>OYEEEEE&#8230;&#8230;!!!!<\/strong><\/em>, que el s\u00e1bado que viene es el d\u00eda internacional de los Bosques (bueno&#8230;, y de la poes\u00eda).<\/span><\/p>\n<p><span style=\"font-size: 12pt;\">Para lxs amantes del verde urbano, adjuntamos informaci\u00f3n de una preciosa actividad programada en el jard\u00edn de la escritora Elena Fort\u00fan.<\/span><\/p>\n<p><span style=\"font-size: 12pt;\">abrazos&#8230;.<\/span><\/p>\n<p><em><span style=\"font-size: 14pt;\"><strong>CONVOCATORIA D\u00cdA INTERNACIONAL BOSQUES Y POES\u00cdA.<\/strong><\/span><\/em><\/p>\n<p align=\"justify\"><span style=\"font-size: 14pt;\">La Asoc. Vecinal \u201cLos Califas\u201d junto a Rebeli\u00f3n por el Clima y el colectivo Poetas por el Clima se unen este a\u00f1o para conmemorar el D\u00eda Internacional de los Bosques (y \u00e1rboles en general), y el D\u00eda Mundial de la Poes\u00eda.<\/span><\/p>\n<p align=\"justify\"><span style=\"font-size: 14pt;\">El acto tendr\u00e1 lugar el s\u00e1bado 21 de marzo de 11:30 a 13:30 h en los Jardines de Elena Fort\u00fan donde podr\u00e1 observarse el proceso de naturalizaci\u00f3n del lago artificial, en el marco del programa del cloro a la biodiversidad.<\/span><\/p>\n<p align=\"justify\"><span style=\"font-size: 14pt;\">Entre otras actividades adem\u00e1s de m\u00fasica, lectura de poemas y \u201crecital entre residuos\u201d, se realizar\u00e1n juegos para componer poemas con versos escondidos en el parque, talleres de Haikus y de iniciaci\u00f3n al conocimiento de las plantas con \u201cMi primer Herbario\u201d una actividad dirigida a ni\u00f1os, ni\u00f1as y mayores, en la que podr\u00e1n componer un cuaderno con hojas secas de los \u00e1rboles m\u00e1s comunes en la ciudad o visita guiada por los \u00e1rboles del parque.<\/span><\/p>\n<p align=\"justify\"><span style=\"font-size: 14pt;\">Se repartir\u00e1n ejemplares del poemario \u201cNecesidad de un r\u00edo\u201d entre las personas asistentes e igualmente se repartir\u00e1n semillas y vainas de algarrobo as\u00ed como macetas y plantones de diversas especies.<\/span><\/p>\n<p align=\"justify\"><span style=\"font-size: 14pt;\">Se trata de una jornada po\u00e9tica y l\u00fadico festiva, dirigida a personas de cualquier edad, en la que adem\u00e1s se pondr\u00e1 de manifiesto la importancia de los \u00e1rboles y bosques, el cuidado de la naturaleza y la mejora del medio ambiente en C\u00f3rdoba.<\/span><\/p>\n","protected":false},"excerpt":{"rendered":"<p>OYEEEEE&#8230;&#8230;!!!!, que el s\u00e1bado que viene es el d\u00eda internacional de los Bosques (bueno&#8230;, y de la poes\u00eda). Para lxs<\/p>\n","protected":false},"author":1,"featured_media":13146,"comment_status":"closed","ping_status":"closed","sticky":false,"template":"","format":"standard","meta":{"colormag_page_container_layout":"default_layout","colormag_page_sidebar_layout":"default_layout","footnotes":""},"categories":[12],"tags":[],"class_list":["post-13145","post","type-post","status-publish","format-standard","has-post-thumbnail","hentry","category-iniciativas-por-el-clima"],"_links":{"self":[{"href":"https:\/\/reyheredia.es\/index.php?rest_route=\/wp\/v2\/posts\/13145","targetHints":{"allow":["GET"]}}],"collection":[{"href":"https:\/\/reyheredia.es\/index.php?rest_route=\/wp\/v2\/posts"}],"about":[{"href":"https:\/\/reyheredia.es\/index.php?rest_route=\/wp\/v2\/types\/post"}],"author":[{"embeddable":true,"href":"https:\/\/reyheredia.es\/index.php?rest_route=\/wp\/v2\/users\/1"}],"replies":[{"embeddable":true,"href":"https:\/\/reyheredia.es\/index.php?rest_route=%2Fwp%2Fv2%2Fcomments&post=13145"}],"version-history":[{"count":4,"href":"https:\/\/reyheredia.es\/index.php?rest_route=\/wp\/v2\/posts\/13145\/revisions"}],"predecessor-version":[{"id":13313,"href":"https:\/\/reyheredia.es\/index.php?rest_route=\/wp\/v2\/posts\/13145\/revisions\/13313"}],"wp:featuredmedia":[{"embeddable":true,"href":"https:\/\/reyheredia.es\/index.php?rest_route=\/wp\/v2\/media\/13146"}],"wp:attachment":[{"href":"https:\/\/reyheredia.es\/index.php?rest_route=%2Fwp%2Fv2%2Fmedia&parent=13145"}],"wp:term":[{"taxonomy":"category","embeddable":true,"href":"https:\/\/reyheredia.es\/index.php?rest_route=%2Fwp%2Fv2%2Fcategories&post=13145"},{"taxonomy":"post_tag","embeddable":true,"href":"https:\/\/reyheredia.es\/index.php?rest_route=%2Fwp%2Fv2%2Ftags&post=13145"}],"curies":[{"name":"wp","href":"https:\/\/api.w.org\/{rel}","templated":true}]}}